{"id":358,"date":"2024-08-27T12:32:00","date_gmt":"2024-08-27T10:32:00","guid":{"rendered":"https:\/\/sp-czermno.edu.pl\/?p=358"},"modified":"2024-12-10T09:20:52","modified_gmt":"2024-12-10T08:20:52","slug":"rozpoczecie-roku-szkolnego-2024-2025","status":"publish","type":"post","link":"http:\/\/sp-czermno.edu.pl\/?p=358","title":{"rendered":"Rozpocz\u0119cie Roku Szkolnego 2024\/2025"},"content":{"rendered":"\n<p>Dyrektor Szko\u0142y Podstawowej im. W\u0142adys\u0142awa Stanis\u0142awa Reymonta w Czermnie informuje, \u017ce uroczyste Rozpocz\u0119cie Roku Szkolnego 2024\/2025 odb\u0119dzie si\u0119 2 wrze\u015bnia 2024r. msz\u0105 \u015bwi\u0119t\u0105 o godz. 8:00 w Ko\u015bciele Parafialnym w Czermnie, a o godz. 9:00 spotkanie na sali gimnastycznej w Szkole wszystkich uczni\u00f3w i rodzic\u00f3w oddzia\u0142u przedszkolnego i klas I-VIII. <\/p>\n\n\n\n<p>Zapraszamy! \ud83d\ude42<\/p>\n\n\n\n<figure class=\"wp-block-image size-large is-resized\"><img loading=\"lazy\" decoding=\"async\" width=\"1024\" height=\"576\" src=\"https:\/\/sp-czermno.edu.pl\/wp-content\/uploads\/2024\/08\/poczatek-roku-szkolnego-1024x576.jpg\" alt=\"\" class=\"wp-image-359\" style=\"width:837px;height:auto\" srcset=\"http:\/\/sp-czermno.edu.pl\/wp-content\/uploads\/2024\/08\/poczatek-roku-szkolnego-1024x576.jpg 1024w, http:\/\/sp-czermno.edu.pl\/wp-content\/uploads\/2024\/08\/poczatek-roku-szkolnego-300x169.jpg 300w, http:\/\/sp-czermno.edu.pl\/wp-content\/uploads\/2024\/08\/poczatek-roku-szkolnego-768x432.jpg 768w, http:\/\/sp-czermno.edu.pl\/wp-content\/uploads\/2024\/08\/poczatek-roku-szkolnego.jpg 1280w\" sizes=\"auto, (max-width: 1024px) 100vw, 1024px\" \/><\/figure>\n","protected":false},"excerpt":{"rendered":"<p>Dyrektor Szko\u0142y Podstawowej im. W\u0142adys\u0142awa Stanis\u0142awa Reymonta w Czermnie informuje, \u017ce uroczyste Rozpocz\u0119cie Roku Szkolnego 2024\/2025 odb\u0119dzie si\u0119 2 wrze\u015bnia 2024r. msz\u0105 \u015bwi\u0119t\u0105 o godz. 8:00 w Ko\u015bciele Parafialnym w Czermnie, a o godz. 9:00 spotkanie na sali gimnastycznej w &hellip; <\/p>\n","protected":false},"author":1,"featured_media":359,"comment_status":"open","ping_status":"open","sticky":false,"template":"","format":"standard","meta":{"footnotes":""},"categories":[1],"tags":[],"class_list":["post-358","post","type-post","status-publish","format-standard","has-post-thumbnail","hentry","category-bez-kategorii"],"_links":{"self":[{"href":"http:\/\/sp-czermno.edu.pl\/index.php?rest_route=\/wp\/v2\/posts\/358","targetHints":{"allow":["GET"]}}],"collection":[{"href":"http:\/\/sp-czermno.edu.pl\/index.php?rest_route=\/wp\/v2\/posts"}],"about":[{"href":"http:\/\/sp-czermno.edu.pl\/index.php?rest_route=\/wp\/v2\/types\/post"}],"author":[{"embeddable":true,"href":"http:\/\/sp-czermno.edu.pl\/index.php?rest_route=\/wp\/v2\/users\/1"}],"replies":[{"embeddable":true,"href":"http:\/\/sp-czermno.edu.pl\/index.php?rest_route=%2Fwp%2Fv2%2Fcomments&post=358"}],"version-history":[{"count":1,"href":"http:\/\/sp-czermno.edu.pl\/index.php?rest_route=\/wp\/v2\/posts\/358\/revisions"}],"predecessor-version":[{"id":360,"href":"http:\/\/sp-czermno.edu.pl\/index.php?rest_route=\/wp\/v2\/posts\/358\/revisions\/360"}],"wp:featuredmedia":[{"embeddable":true,"href":"http:\/\/sp-czermno.edu.pl\/index.php?rest_route=\/wp\/v2\/media\/359"}],"wp:attachment":[{"href":"http:\/\/sp-czermno.edu.pl\/index.php?rest_route=%2Fwp%2Fv2%2Fmedia&parent=358"}],"wp:term":[{"taxonomy":"category","embeddable":true,"href":"http:\/\/sp-czermno.edu.pl\/index.php?rest_route=%2Fwp%2Fv2%2Fcategories&post=358"},{"taxonomy":"post_tag","embeddable":true,"href":"http:\/\/sp-czermno.edu.pl\/index.php?rest_route=%2Fwp%2Fv2%2Ftags&post=358"}],"curies":[{"name":"wp","href":"https:\/\/api.w.org\/{rel}","templated":true}]}}