{"id":557,"date":"2025-02-26T12:59:40","date_gmt":"2025-02-26T11:59:40","guid":{"rendered":"https:\/\/sp-czermno.edu.pl\/?p=557"},"modified":"2025-02-26T13:00:23","modified_gmt":"2025-02-26T12:00:23","slug":"%f0%9f%a7%a1ubrania-na-wage-dobra%f0%9f%a7%a1","status":"publish","type":"post","link":"http:\/\/sp-czermno.edu.pl\/?p=557","title":{"rendered":"\ud83e\udde1Ubrania na wag\u0119 dobra!\ud83e\udde1"},"content":{"rendered":"\n<p>Robisz porz\u0105dki w szafie? Masz ubrania, kt\u00f3rych ju\u017c nie nosisz? Teraz mo\u017cesz da\u0107 im drugie \u017cycie i jednocze\u015bnie pom\u00f3c dzieciom!<\/p>\n\n\n\n<p>Zbieramy ubrania do oddania \u2013 ka\u017cda zebrana rzecz zostanie zwa\u017cona, a \u015brodki uzyskane z ich przekazania pozwol\u0105 podopiecznym Domu dla Dzieci w Rumii spe\u0142ni\u0107 marzenie o wakacyjnym wyje\u017adzie!<\/p>\n\n\n\n<p><img loading=\"lazy\" decoding=\"async\" height=\"16\" width=\"16\" alt=\"\ud83c\udf3f\" src=\"https:\/\/static.xx.fbcdn.net\/images\/emoji.php\/v9\/t1e\/1\/16\/1f33f.png\"> Co mo\u017cesz odda\u0107?<\/p>\n\n\n\n<p><img loading=\"lazy\" decoding=\"async\" height=\"16\" width=\"16\" alt=\"\u2714\" src=\"https:\/\/static.xx.fbcdn.net\/images\/emoji.php\/v9\/t51\/1\/16\/2714.png\"> Ubrania w dobrym stanie w ka\u017cdym rozmiarze.<\/p>\n\n\n\n<p><img loading=\"lazy\" decoding=\"async\" height=\"16\" width=\"16\" alt=\"\ud83d\udccd\" src=\"https:\/\/static.xx.fbcdn.net\/images\/emoji.php\/v9\/t2d\/1\/16\/1f4cd.png\"> Gdzie i do kiedy zbieramy?<\/p>\n\n\n\n<p><img loading=\"lazy\" decoding=\"async\" height=\"16\" width=\"16\" alt=\"\u2714\ufe0f\" src=\"https:\/\/static.xx.fbcdn.net\/images\/emoji.php\/v9\/t51\/1\/16\/2714.png\"> Ubrania przynosimy do wychowawc\u00f3w klas do 31 marca 2025r.<\/p>\n\n\n\n<p>Ka\u017cdy kilogram ma znaczenie! Razem mo\u017cemy sprawi\u0107, \u017ce lato tych dzieci b\u0119dzie pe\u0142ne rado\u015bci. Do\u0142\u0105cz do akcji i podziel si\u0119 dobrem! <img loading=\"lazy\" decoding=\"async\" height=\"16\" width=\"16\" alt=\"\ud83d\udc9b\" src=\"https:\/\/static.xx.fbcdn.net\/images\/emoji.php\/v9\/t15\/1\/16\/1f49b.png\"><\/p>\n\n\n\n<p><a href=\"https:\/\/www.facebook.com\/hashtag\/ubraniadooddania?__eep__=6&amp;__tn__=*NK*F\">#UbraniaDoOddania<\/a> <a href=\"https:\/\/www.facebook.com\/hashtag\/pomagamy?__eep__=6&amp;__tn__=*NK*F\">#Pomagamy<\/a> <a href=\"https:\/\/www.facebook.com\/hashtag\/dajemydrugie%C5%BCycie?__eep__=6&amp;__tn__=*NK*F\">#DajemyDrugie\u017bycie<\/a> <a href=\"https:\/\/www.facebook.com\/hashtag\/dziecinawakacje?__eep__=6&amp;__tn__=*NK*F\">#DzieciNaWakacje<\/a><\/p>\n\n\n\n<figure class=\"wp-block-image size-large\"><img loading=\"lazy\" decoding=\"async\" width=\"724\" height=\"1024\" src=\"https:\/\/sp-czermno.edu.pl\/wp-content\/uploads\/2025\/02\/481450977_9520836111305562_1734579663148323028_n-1-724x1024.jpg\" alt=\"\" class=\"wp-image-560\" srcset=\"http:\/\/sp-czermno.edu.pl\/wp-content\/uploads\/2025\/02\/481450977_9520836111305562_1734579663148323028_n-1-724x1024.jpg 724w, http:\/\/sp-czermno.edu.pl\/wp-content\/uploads\/2025\/02\/481450977_9520836111305562_1734579663148323028_n-1-212x300.jpg 212w, http:\/\/sp-czermno.edu.pl\/wp-content\/uploads\/2025\/02\/481450977_9520836111305562_1734579663148323028_n-1-768x1086.jpg 768w, http:\/\/sp-czermno.edu.pl\/wp-content\/uploads\/2025\/02\/481450977_9520836111305562_1734579663148323028_n-1-1086x1536.jpg 1086w, http:\/\/sp-czermno.edu.pl\/wp-content\/uploads\/2025\/02\/481450977_9520836111305562_1734579663148323028_n-1.jpg 1448w\" sizes=\"auto, (max-width: 724px) 100vw, 724px\" \/><\/figure>\n","protected":false},"excerpt":{"rendered":"<p>Robisz porz\u0105dki w szafie? Masz ubrania, kt\u00f3rych ju\u017c nie nosisz? Teraz mo\u017cesz da\u0107 im drugie \u017cycie i jednocze\u015bnie pom\u00f3c dzieciom! Zbieramy ubrania do oddania \u2013 ka\u017cda zebrana rzecz zostanie zwa\u017cona, a \u015brodki uzyskane z ich przekazania pozwol\u0105 podopiecznym Domu dla &hellip; <\/p>\n","protected":false},"author":1,"featured_media":558,"comment_status":"open","ping_status":"open","sticky":false,"template":"","format":"standard","meta":{"footnotes":""},"categories":[1],"tags":[],"class_list":["post-557","post","type-post","status-publish","format-standard","has-post-thumbnail","hentry","category-bez-kategorii"],"_links":{"self":[{"href":"http:\/\/sp-czermno.edu.pl\/index.php?rest_route=\/wp\/v2\/posts\/557","targetHints":{"allow":["GET"]}}],"collection":[{"href":"http:\/\/sp-czermno.edu.pl\/index.php?rest_route=\/wp\/v2\/posts"}],"about":[{"href":"http:\/\/sp-czermno.edu.pl\/index.php?rest_route=\/wp\/v2\/types\/post"}],"author":[{"embeddable":true,"href":"http:\/\/sp-czermno.edu.pl\/index.php?rest_route=\/wp\/v2\/users\/1"}],"replies":[{"embeddable":true,"href":"http:\/\/sp-czermno.edu.pl\/index.php?rest_route=%2Fwp%2Fv2%2Fcomments&post=557"}],"version-history":[{"count":2,"href":"http:\/\/sp-czermno.edu.pl\/index.php?rest_route=\/wp\/v2\/posts\/557\/revisions"}],"predecessor-version":[{"id":561,"href":"http:\/\/sp-czermno.edu.pl\/index.php?rest_route=\/wp\/v2\/posts\/557\/revisions\/561"}],"wp:featuredmedia":[{"embeddable":true,"href":"http:\/\/sp-czermno.edu.pl\/index.php?rest_route=\/wp\/v2\/media\/558"}],"wp:attachment":[{"href":"http:\/\/sp-czermno.edu.pl\/index.php?rest_route=%2Fwp%2Fv2%2Fmedia&parent=557"}],"wp:term":[{"taxonomy":"category","embeddable":true,"href":"http:\/\/sp-czermno.edu.pl\/index.php?rest_route=%2Fwp%2Fv2%2Fcategories&post=557"},{"taxonomy":"post_tag","embeddable":true,"href":"http:\/\/sp-czermno.edu.pl\/index.php?rest_route=%2Fwp%2Fv2%2Ftags&post=557"}],"curies":[{"name":"wp","href":"https:\/\/api.w.org\/{rel}","templated":true}]}}