{"id":630,"date":"2025-08-25T11:53:00","date_gmt":"2025-08-25T09:53:00","guid":{"rendered":"https:\/\/sp-czermno.edu.pl\/?p=630"},"modified":"2025-08-25T11:53:00","modified_gmt":"2025-08-25T09:53:00","slug":"liczy-sie-kazde-dziecko-edukacja-wlaczajaca-w-gminie-gabin","status":"publish","type":"post","link":"http:\/\/sp-czermno.edu.pl\/?p=630","title":{"rendered":"&#8220;Liczy si\u0119 ka\u017cde dziecko &#8211; edukacja w\u0142\u0105czaj\u0105ca w Gminie G\u0105bin&#8221;"},"content":{"rendered":"\n<p>Szko\u0142a Podstawowa w Czermnie og\u0142asza rekrutacj\u0119 do projektu <strong>&#8220;Liczy si\u0119 ka\u017cde dziecko &#8211; edukacja w\u0142\u0105czaj\u0105ca w Gminie G\u0105bin&#8221;. <\/strong><img loading=\"lazy\" decoding=\"async\" height=\"16\" width=\"16\" alt=\"\ud83d\ude0d\" src=\"https:\/\/static.xx.fbcdn.net\/images\/emoji.php\/v9\/t2\/1\/16\/1f60d.png\"> <img loading=\"lazy\" decoding=\"async\" height=\"16\" width=\"16\" alt=\"\u2b07\ufe0f\" src=\"https:\/\/static.xx.fbcdn.net\/images\/emoji.php\/v9\/t20\/1\/16\/2b07.png\"><\/p>\n\n\n\n<p>Miasto i Gmina G\u0105bin rozpocz\u0119\u0142a realizacj\u0119 nowego projektu edukacyjnego, kt\u00f3ry ma na celu wsparcie uczni\u00f3w w lokalnych szko\u0142ach podstawowych.<\/p>\n\n\n\n<p>Dzi\u0119ki pozyskanej kwocie w wysoko\u015bci 1 491 675,12 z\u0142 (w tym 1 337 653,60 z\u0142 z funduszy Unii Europejskiej i 154 021,52 z\u0142 z bud\u017cetu pa\u0144stwa) w ramach programu Fundusze Europejskie dla Mazowsza 2021-2027, Priorytet VII Fundusze Europejskie dla nowoczesnej i dost\u0119pnej edukacji na Mazowszu, Dzia\u0142anie 7.2 Wzmocnienie kompetencji uczni\u00f3w, projekt pod nazw\u0105 \u201eLiczy si\u0119 ka\u017cde dziecko \u2013 edukacja w\u0142\u0105czaj\u0105ca w Gminie G\u0105bin\u201d zostanie zrealizowany w okresie od 1 sierpnia 2025 roku do 30 czerwca 2027 roku.<\/p>\n\n\n\n<p>Projekt skierowany jest do uczni\u00f3w ze specjalnymi potrzebami edukacyjnymi, niepe\u0142nosprawno\u015bciami lub do\u015bwiadczeniem migracji, dla ich rodzic\u00f3w oraz nauczycieli szk\u00f3\u0142 podstawowych obj\u0119tych wsparciem, w tym Szko\u0142y Podstawowej im. W\u0142adys\u0142awa Stanis\u0142awa Reymonta w Czermnie, Szko\u0142y Podstawowej im. Marsza\u0142ka J\u00f3zefa Pi\u0142sudskiego w Nowym Grabiu, Szko\u0142y Podstawowej im. Marii Kownackiej w Nowym Kamieniu oraz Szko\u0142y Podstawowej im. Kornela Makuszy\u0144skiego w Borkach.<\/p>\n\n\n\n<p>G\u0142\u00f3wnym celem projektu jest zwi\u0119kszenie dost\u0119pno\u015bci edukacyjnej oraz poprawa jako\u015bci edukacji w\u0142\u0105czaj\u0105cej w czterech szko\u0142ach podstawowych. Cele szczeg\u00f3\u0142owe obejmuj\u0105:<\/p>\n\n\n\n<ul class=\"wp-block-list\">\n<li>Realizacj\u0119 specjalistycznych zaj\u0119\u0107 dodatkowych dla uczni\u00f3w z SPE, uczni\u00f3w z niepe\u0142nosprawno\u015bciami oraz z do\u015bwiadczeniem migracji<\/li>\n\n\n\n<li>Szkolenia i kursy dla nauczycieli z zakresu edukacji w\u0142\u0105czaj\u0105cej.<\/li>\n\n\n\n<li>Warsztaty dla rodzic\u00f3w\/opiekun\u00f3w prawnych w zakresie wsparcia dzieci z SPE, niepe\u0142nosprawno\u015bciami lub do\u015bwiadczeniem migracji;<\/li>\n\n\n\n<li>Doposa\u017cenie szk\u00f3\u0142 w nowoczesny sprz\u0119t i pomoce dydaktyczne.<\/li>\n\n\n\n<li>Likwidacj\u0119 barier architektonicznych oraz komunikacyjno-informacyjnych.<\/li>\n\n\n\n<li>Zapewnienie us\u0142ug asystenckich dla uczni\u00f3w.<\/li>\n<\/ul>\n\n\n\n<p>Nab\u00f3r do projektu, dla wszystkich grup uczestnik\u00f3w odb\u0119dzie si\u0119 w dniach:<\/p>\n\n\n\n<p><strong>od 8 wrze\u015bnia 2025 r. do 22 wrze\u015bnia 2025 r.<\/strong><\/p>\n\n\n\n<p>Dokumenty rekrutacyjne s\u0105 dost\u0119pne w sekretariatach szk\u00f3\u0142 obj\u0119tych wsparciem oraz w Biurze Projektu, a tak\u017ce do pobrania ze strony www.gabin.pl. Szczeg\u00f3\u0142owych informacji o projekcie mo\u017cna uzyska\u0107 bezpo\u015brednio w Biurze Projektu, znajduj\u0105cym si\u0119 w Urz\u0119dzie Miasta i Gminy w G\u0105binie, pok\u00f3j nr 6, lub pod numerem telefonu: 24 267 41 67.<\/p>\n\n\n\n<p><a href=\"https:\/\/www.facebook.com\/hashtag\/funduszeue?__eep__=6&amp;__cft__[0]=AZXyDTAefDRR9EV-RugUc5o2hD06WfGCBOL8XSSTv26htECjpbhtmwFQxFmTLx1qf4-WveD8PXhEq2K5BtyuLMosrKDIfm-rzrOe55xWtys0RJ7eSQwDzX3ZQAExI4XANM170rGSjztQAE0MJutaoxTWPdE9F31uXp_h_yf9izZzFnwgx6kVdrh0ebUiOGMaihgIJGklukA8lnliJlS7JUsf&amp;__tn__=*NK-R\">#FunduszeUE<\/a><\/p>\n\n\n\n<figure class=\"wp-block-image size-large\"><img loading=\"lazy\" decoding=\"async\" width=\"682\" height=\"1024\" src=\"http:\/\/sp-czermno.edu.pl\/wp-content\/uploads\/2025\/08\/plakat-liczy-sie-kazde-dzieko-2-pdf-682x1024.jpg\" alt=\"\" class=\"wp-image-632\"\/><\/figure>\n","protected":false},"excerpt":{"rendered":"<p>Szko\u0142a Podstawowa w Czermnie og\u0142asza rekrutacj\u0119 do projektu &#8220;Liczy si\u0119 ka\u017cde dziecko &#8211; edukacja w\u0142\u0105czaj\u0105ca w Gminie G\u0105bin&#8221;. Miasto i Gmina G\u0105bin rozpocz\u0119\u0142a realizacj\u0119 nowego projektu edukacyjnego, kt\u00f3ry ma na celu wsparcie uczni\u00f3w w lokalnych szko\u0142ach podstawowych. Dzi\u0119ki pozyskanej kwocie &hellip; <\/p>\n","protected":false},"author":1,"featured_media":631,"comment_status":"open","ping_status":"open","sticky":false,"template":"","format":"standard","meta":{"footnotes":""},"categories":[1],"tags":[],"class_list":["post-630","post","type-post","status-publish","format-standard","has-post-thumbnail","hentry","category-bez-kategorii"],"_links":{"self":[{"href":"http:\/\/sp-czermno.edu.pl\/index.php?rest_route=\/wp\/v2\/posts\/630","targetHints":{"allow":["GET"]}}],"collection":[{"href":"http:\/\/sp-czermno.edu.pl\/index.php?rest_route=\/wp\/v2\/posts"}],"about":[{"href":"http:\/\/sp-czermno.edu.pl\/index.php?rest_route=\/wp\/v2\/types\/post"}],"author":[{"embeddable":true,"href":"http:\/\/sp-czermno.edu.pl\/index.php?rest_route=\/wp\/v2\/users\/1"}],"replies":[{"embeddable":true,"href":"http:\/\/sp-czermno.edu.pl\/index.php?rest_route=%2Fwp%2Fv2%2Fcomments&post=630"}],"version-history":[{"count":1,"href":"http:\/\/sp-czermno.edu.pl\/index.php?rest_route=\/wp\/v2\/posts\/630\/revisions"}],"predecessor-version":[{"id":633,"href":"http:\/\/sp-czermno.edu.pl\/index.php?rest_route=\/wp\/v2\/posts\/630\/revisions\/633"}],"wp:featuredmedia":[{"embeddable":true,"href":"http:\/\/sp-czermno.edu.pl\/index.php?rest_route=\/wp\/v2\/media\/631"}],"wp:attachment":[{"href":"http:\/\/sp-czermno.edu.pl\/index.php?rest_route=%2Fwp%2Fv2%2Fmedia&parent=630"}],"wp:term":[{"taxonomy":"category","embeddable":true,"href":"http:\/\/sp-czermno.edu.pl\/index.php?rest_route=%2Fwp%2Fv2%2Fcategories&post=630"},{"taxonomy":"post_tag","embeddable":true,"href":"http:\/\/sp-czermno.edu.pl\/index.php?rest_route=%2Fwp%2Fv2%2Ftags&post=630"}],"curies":[{"name":"wp","href":"https:\/\/api.w.org\/{rel}","templated":true}]}}